{"id":169,"date":"2020-07-30T16:41:24","date_gmt":"2020-07-30T14:41:24","guid":{"rendered":"https:\/\/diepflege.org\/?p=169"},"modified":"2020-07-30T16:43:59","modified_gmt":"2020-07-30T14:43:59","slug":"empfehlung-grams-sprechstunde","status":"publish","type":"post","link":"https:\/\/diepflege.org\/?p=169","title":{"rendered":"Empfehlung: Grams&#8216; Sprechstunde"},"content":{"rendered":"\n<p>Natalie Grams ist \u00c4rztin, Autorin und Aktivistin f\u00fcr evidenz basierte Medizin, Christian Nobmann ist Rechtsanwalt f\u00fcr Medizin- und Krankenversicherungsrecht, zusammen betreiben sie den Podcast &#8222;Grams&#8216; Sprechstunde&#8220; in der medizinsche Themen vom menschlichen, fachlichen und rechtlichen Blickwinkel unterhaltsam betrachtet werden.<\/p>\n\n\n\n<p>In der aktuellen Folge &#8222;Pflegenotstand vor und w\u00e4hrend der Pandemie &#8211; Wie aus der Krise kommen&#8220; beschreiben sie die Situation der Pflege. Wenngleich f\u00fcr Leser dieses Blogs und unserer Twitterbubble nicht allzuviel Neues berichtet wird, ist der rechtliche Rahmen sehr interessant, der Podcast lebt von einer sehr guten Vorbereitung an der Basis, der sympatischen und kompetenten Moderation, und l\u00e4sst Pflegende selbst zu Wort kommen (ein effektiver Trick, den nicht viele Medien anwenden. Kudos daf\u00fcr!)<\/p>\n\n\n\n<figure class=\"wp-block-embed-wordpress wp-block-embed is-type-wp-embed is-provider-detektor-fm\"><div class=\"wp-block-embed__wrapper\">\n<iframe class=\"wp-embedded-content\" sandbox=\"allow-scripts\" security=\"restricted\" title=\"&#8222;Grams&#8216; Sprechstunde | Pflegenotstand vor und w\u00e4hrend der Pandemie&#8220; &#8212; detektor.fm\" src=\"https:\/\/detektor.fm\/gesellschaft\/grams-sprechstunde-pflegenotstand-vor-und-waehrend-der-pandemie\/embed#?secret=2BKwunTI5B\" data-secret=\"2BKwunTI5B\" width=\"100%\" height=\"230\" frameborder=\"0\" marginwidth=\"0\" marginheight=\"0\" scrolling=\"no\"><\/iframe>\n<\/div><\/figure>\n\n\n\n<p>Wir sagen danke f\u00fcr diesen sehr guten Beitrag!<\/p>\n","protected":false},"excerpt":{"rendered":"<p>Natalie Grams ist \u00c4rztin, Autorin und Aktivistin f\u00fcr evidenz basierte Medizin, Christian Nobmann ist Rechtsanwalt f\u00fcr Medizin- und Krankenversicherungsrecht, zusammen betreiben sie den Podcast &#8222;Grams&#8216; Sprechstunde&#8220; in der medizinsche Themen vom menschlichen, fachlichen und rechtlichen Blickwinkel unterhaltsam betrachtet werden. In der aktuellen Folge &#8222;Pflegenotstand vor und w\u00e4hrend der Pandemie &#8211; Wie aus der Krise kommen&#8220; beschreiben sie die Situation der Pflege. Wenngleich f\u00fcr Leser dieses Blogs und unserer Twitterbubble nicht allzuviel Neues berichtet wird, ist&#46;&#46;&#46;<\/p>\n","protected":false},"author":4,"featured_media":0,"comment_status":"open","ping_status":"open","sticky":false,"template":"","format":"standard","meta":[],"categories":[1],"tags":[13,14],"jetpack_featured_media_url":"","_links":{"self":[{"href":"https:\/\/diepflege.org\/index.php?rest_route=\/wp\/v2\/posts\/169"}],"collection":[{"href":"https:\/\/diepflege.org\/index.php?rest_route=\/wp\/v2\/posts"}],"about":[{"href":"https:\/\/diepflege.org\/index.php?rest_route=\/wp\/v2\/types\/post"}],"author":[{"embeddable":true,"href":"https:\/\/diepflege.org\/index.php?rest_route=\/wp\/v2\/users\/4"}],"replies":[{"embeddable":true,"href":"https:\/\/diepflege.org\/index.php?rest_route=%2Fwp%2Fv2%2Fcomments&post=169"}],"version-history":[{"count":3,"href":"https:\/\/diepflege.org\/index.php?rest_route=\/wp\/v2\/posts\/169\/revisions"}],"predecessor-version":[{"id":172,"href":"https:\/\/diepflege.org\/index.php?rest_route=\/wp\/v2\/posts\/169\/revisions\/172"}],"wp:attachment":[{"href":"https:\/\/diepflege.org\/index.php?rest_route=%2Fwp%2Fv2%2Fmedia&parent=169"}],"wp:term":[{"taxonomy":"category","embeddable":true,"href":"https:\/\/diepflege.org\/index.php?rest_route=%2Fwp%2Fv2%2Fcategories&post=169"},{"taxonomy":"post_tag","embeddable":true,"href":"https:\/\/diepflege.org\/index.php?rest_route=%2Fwp%2Fv2%2Ftags&post=169"}],"curies":[{"name":"wp","href":"https:\/\/api.w.org\/{rel}","templated":true}]}}