{"id":385,"date":"2020-11-30T18:25:18","date_gmt":"2020-11-30T17:25:18","guid":{"rendered":"https:\/\/diepflege.org\/?p=385"},"modified":"2020-12-09T09:12:47","modified_gmt":"2020-12-09T08:12:47","slug":"liliane-juchli-ein-nachruf","status":"publish","type":"post","link":"https:\/\/diepflege.org\/?p=385","title":{"rendered":"Liliane Juchli &#8211; Ein Nachruf"},"content":{"rendered":"\n<p>Sr. Liliane Juchli ist lt. Bericht ihres offiziellen Blogs lilianejuchli.ch heute morgen, am 30.11.20 von uns gegangen.<\/p>\n\n\n\n<p>Juchli war eine der gro\u00dfen Pflegetheoretikerinnen unserer Zeit. Die <em>Aktivit\u00e4ten des T\u00e4glichen Lebens<\/em> &#8211; egal welche Gef\u00fchle dieser Begriff bei uns ausl\u00f6st &#8211; sind ihr Modell den Menschen in seiner Ganzheit und seinen Bed\u00fcrfnissen zu umschreiben und sind wesentliche Grundlage f\u00fcr unser t\u00e4gliches Handeln und unser Menschenbild in der Akutpflege.<\/p>\n\n\n\n<p>Leider hatte ich nie die Gelegenheit Sie selbst reden zu h\u00f6ren, dennoch begleitet mich Sr. Liliane vom Orden der Barmherzigen Schwestern quasi seit ich den ersten Pfennig in mein erstes Fachbuch gesteckt habe.<\/p>\n\n\n\n<p>Wir bedanken uns f\u00fcr ihr Wirken und ihren gro\u00dfen Geist. <\/p>\n\n\n\n<p>Ruhen Sie in Frieden!<\/p>\n\n\n\n<p class=\"has-small-font-size\">Bildquelle: Wikimedia CC-BY-SA 4.0 Pagutenberg<br>Originalblog: <a href=\"https:\/\/lilianejuchli.ch\/?blogPost=454-sr-liliane-juchli-19-oktober-1933---30-november-2020\" target=\"_blank\" rel=\"noreferrer noopener\">https:\/\/lilianejuchli.ch\/?blogPost=454-sr-liliane-juchli-19-oktober-1933&#8212;30-november-2020<\/a><\/p>\n","protected":false},"excerpt":{"rendered":"<p>Sr. Liliane Juchli ist lt. Bericht ihres offiziellen Blogs lilianejuchli.ch heute morgen, am 30.11.20 von uns gegangen. Juchli war eine der gro\u00dfen Pflegetheoretikerinnen unserer Zeit. Die Aktivit\u00e4ten des T\u00e4glichen Lebens &#8211; egal welche Gef\u00fchle dieser Begriff bei uns ausl\u00f6st &#8211; sind ihr Modell den Menschen in seiner Ganzheit und seinen Bed\u00fcrfnissen zu umschreiben und sind wesentliche Grundlage f\u00fcr unser t\u00e4gliches Handeln und unser Menschenbild in der Akutpflege. Leider hatte ich nie die Gelegenheit Sie selbst&#46;&#46;&#46;<\/p>\n","protected":false},"author":4,"featured_media":386,"comment_status":"open","ping_status":"open","sticky":false,"template":"","format":"standard","meta":[],"categories":[1],"tags":[],"jetpack_featured_media_url":"https:\/\/i0.wp.com\/diepflege.org\/wp-content\/uploads\/2020\/11\/Pag_liliane_JuchliAL9Q1946-e1606757062205.jpg?fit=471%2C492&ssl=1","_links":{"self":[{"href":"https:\/\/diepflege.org\/index.php?rest_route=\/wp\/v2\/posts\/385"}],"collection":[{"href":"https:\/\/diepflege.org\/index.php?rest_route=\/wp\/v2\/posts"}],"about":[{"href":"https:\/\/diepflege.org\/index.php?rest_route=\/wp\/v2\/types\/post"}],"author":[{"embeddable":true,"href":"https:\/\/diepflege.org\/index.php?rest_route=\/wp\/v2\/users\/4"}],"replies":[{"embeddable":true,"href":"https:\/\/diepflege.org\/index.php?rest_route=%2Fwp%2Fv2%2Fcomments&post=385"}],"version-history":[{"count":2,"href":"https:\/\/diepflege.org\/index.php?rest_route=\/wp\/v2\/posts\/385\/revisions"}],"predecessor-version":[{"id":388,"href":"https:\/\/diepflege.org\/index.php?rest_route=\/wp\/v2\/posts\/385\/revisions\/388"}],"wp:featuredmedia":[{"embeddable":true,"href":"https:\/\/diepflege.org\/index.php?rest_route=\/wp\/v2\/media\/386"}],"wp:attachment":[{"href":"https:\/\/diepflege.org\/index.php?rest_route=%2Fwp%2Fv2%2Fmedia&parent=385"}],"wp:term":[{"taxonomy":"category","embeddable":true,"href":"https:\/\/diepflege.org\/index.php?rest_route=%2Fwp%2Fv2%2Fcategories&post=385"},{"taxonomy":"post_tag","embeddable":true,"href":"https:\/\/diepflege.org\/index.php?rest_route=%2Fwp%2Fv2%2Ftags&post=385"}],"curies":[{"name":"wp","href":"https:\/\/api.w.org\/{rel}","templated":true}]}}