{"id":511,"date":"2021-01-26T08:24:47","date_gmt":"2021-01-26T07:24:47","guid":{"rendered":"https:\/\/diepflege.org\/?p=511"},"modified":"2021-01-26T08:24:47","modified_gmt":"2021-01-26T07:24:47","slug":"gastbeitrag-landaerztin-und-pflege","status":"publish","type":"post","link":"https:\/\/diepflege.org\/?p=511","title":{"rendered":"Gastbeitrag: Land\u00e4rztin und Pflege"},"content":{"rendered":"\n<p>Was hat eine Land\u00e4rztin \u00fcberhaupt mit Pflege zu tun? Mehr, als man denkt, und darum schreibe ich hier mal dar\u00fcber.<\/p>\n\n\n\n<p>Wenn wir unsere Patient*innen aus dem Krankenhaus zur\u00fcckbekommen, berichten sie meist mehr von der Pflege als von der \u00e4rztlichen Betreuung. Das mag auch der Tatsache geschuldet sein, dass die Assistenz\u00e4rzteschaft in unserem l\u00e4ndlichen Haus oft noch ein gravierendes Manko an Deutschkenntnissen hat und wenig Kommunikation stattfindet, aber liegt nat\u00fcrlich auch daran, dass das Pflegepersonal viel engeren Umgang mit den Kranken hat. Ja, es ist wichtig, dass es warmherzig und kompetent ist, und nat\u00fcrlich sollte es auch angemessen bezahlt werden.<\/p>\n\n\n\n<p>Was aber in den Diskussionen um bessere Entlohnung oft vergessen wird: Unsere MfA- Tarife lehnen sich an die Pflegetarife an, und die derzeit mancherorts von der Pflege geforderten \u201eMond- L\u00f6hne\u201c k\u00f6nnen wir definitiv nicht bezahlen! Dabei leisten auch unsere MfA \u00dcberdurchschnittliches: Sie tragen viel Verantwortung, m\u00fcssen viel wissen und sogar rechnen k\u00f6nnen und dann auch noch immer warmherzig sein. Ich liebe jede einzelne von ihnen, und ja, sie h\u00e4tten ein h\u00f6heres Gehalt verdient! Wir bezahlen gern \u00fcbertariflich (erst jetzt, durch die Coronaeinbu\u00dfen, tun wir das vor\u00fcbergehend nicht mehr), aber mehr ist nicht drin, wenn man eine Praxis mit ausreichend Personal wirtschaftlich sinnvoll f\u00fchren will.<\/p>\n\n\n\n<p>Ach, Corona\u2026. Da sind wir Land\u00e4rzt*innen ganz sch\u00f6n belastet. Erst mussten wir Unmengen Schutzmaterial zu \u00fcberh\u00f6hten Preisen kaufen, dann sollte uns alles erstattet werden, was wir im April erworben hatten. Aber das war ein Aprilscherz: Nat\u00fcrlich mussten wir alles schon im M\u00e4rz kaufen und bleiben so auf den Kosten sitzen. Wir r\u00e4umten unseren Anbau leer und richteten eine Infektionssprechstunde ein, zu der jeder geladen wird, der auch nur ein \u201eSchn\u00fcpfchen\u201c hat. Trotzdem trauten sich viele Patient*innen nicht mehr in die Praxis, so dass die (unbudgetierten) Vorsorgen reihenweise flach fielen und der Umsatz nach unten rauschte. Wir sollten erstattet bekommen, was unter 15% Umsatz fiel, aber hey: Das w\u00e4ren schon unter 30% des Gewinns, und so haben wir gestrampelt, um da nicht runter zu fallen. Keine Erstattung also, aber auch keine Entlassungen n\u00f6tig.<\/p>\n\n\n\n<p>Unsere MfA am Empfang machten die h\u00e4rtesten Zeiten durch, als man noch jeden Zweiten auffordern musste, die Maske auch \u00fcber die Nase zu ziehen. Das ist zwar besser geworden, aber die Leute werden immer genervter, und ja, die Chefinnen manchmal auch. So kommt zu der privaten psychischen Belastung auch die berufliche, obgleich wir uns alle M\u00fche geben, nett miteinander zu sein. F\u00e4llt ja auch eigentlich leicht bei dem tollen Team, aber die Umst\u00e4nde sind bl\u00f6d.<\/p>\n\n\n\n<p>Jede Praxis hat die Patient*innen, die sie verdient, und so haben wir sehr viele liebenswerte. In der Kleinstadt bleiben sie Jahrzehnte treu, und man kennt sich. Wei\u00df, dass doch damals schon \u201edie Omma wat mit Schweinebergs Jupp hatte\u201c und dass man nicht bei der Kirmes halbnackt auf dem Tisch tanzen darf, weil das sonst alle im Kaff wissen. Wir kriegen italienischen Kuchen, ungarischen Wein und gestrickte Babys\u00f6ckchen geschenkt und freuen uns, dass in ruhigeren Zeiten auch mal Zeit f\u00fcr ein paar private Worte bleibt. Meine Hoffnung, dass das dauernde Trepperennen zum und vom Anbau die Wirkung der \u00fcppig geschenkten Schokolade wieder aufhebt, hat sich nicht erf\u00fcllt. Aber die Coronazahlen in unserer Patientenklientel bleiben \u00fcberschaubar, und keiner hat sich bisher bei uns oder gar von uns angesteckt. Wir laufen aber ein bisschen auf der letzten Rille, darum eine ganz gro\u00dfe Bitte: Lassen Sie sich alle impfen!<\/p>\n\n\n\n<p>Dass gerade in der Pflege unfassbare Fehlinformationen die Impfwilligkeit teilweise deutlich verringern, mach uns echte Sorgen. Bitte informieren Sie sich aus seri\u00f6sen Quellen und helfen Sie uns, diese Pandemie bald zu \u00fcberwinden. Ich w\u00fcrde sofort den \u00c4rmel aufrollen, wenn ich an ein Impfserum f\u00fcr mich k\u00e4me! Aber obgleich wir t\u00e4glich Abstriche machen, von denen immer wieder welche positiv ausfallen, kommen wir wohl erst in 2 Monaten dran.<\/p>\n\n\n\n<p>Bis dahin bleiben Sie gesund, vergessen Sie bitte nicht, dass es nur im Team geht (\u00c4rztebashing f\u00fchrt ebenso wenig weiter wie Pflegen\u00f6rgelei) und lassen Sie uns zusammen weiter an einer guten Versorgung und an einem guten Miteinander arbeiten! Ich freue mich darauf.<\/p>\n\n\n\n<p>Ihre Frauke Gehring<\/p>\n\n\n\n<p class=\"has-small-font-size\">Bild von <a href=\"https:\/\/pixabay.com\/de\/users\/jennycepeda-1689579\/?utm_source=link-attribution&amp;utm_medium=referral&amp;utm_campaign=image&amp;utm_content=2568481\">jennycepeda<\/a> auf <a href=\"https:\/\/pixabay.com\/de\/?utm_source=link-attribution&amp;utm_medium=referral&amp;utm_campaign=image&amp;utm_content=2568481\">Pixabay<\/a><\/p>\n","protected":false},"excerpt":{"rendered":"<p>Was hat eine Land\u00e4rztin \u00fcberhaupt mit Pflege zu tun? Mehr, als man denkt, und darum schreibe ich hier mal dar\u00fcber. Wenn wir unsere Patient*innen aus dem Krankenhaus zur\u00fcckbekommen, berichten sie meist mehr von der Pflege als von der \u00e4rztlichen Betreuung. Das mag auch der Tatsache geschuldet sein, dass die Assistenz\u00e4rzteschaft in unserem l\u00e4ndlichen Haus oft noch ein gravierendes Manko an Deutschkenntnissen hat und wenig Kommunikation stattfindet, aber liegt nat\u00fcrlich auch daran, dass das Pflegepersonal viel&#46;&#46;&#46;<\/p>\n","protected":false},"author":4,"featured_media":515,"comment_status":"open","ping_status":"open","sticky":false,"template":"","format":"standard","meta":[],"categories":[1],"tags":[],"jetpack_featured_media_url":"https:\/\/i0.wp.com\/diepflege.org\/wp-content\/uploads\/2021\/01\/doctor-2568481_1920.jpg?fit=1920%2C1280&ssl=1","_links":{"self":[{"href":"https:\/\/diepflege.org\/index.php?rest_route=\/wp\/v2\/posts\/511"}],"collection":[{"href":"https:\/\/diepflege.org\/index.php?rest_route=\/wp\/v2\/posts"}],"about":[{"href":"https:\/\/diepflege.org\/index.php?rest_route=\/wp\/v2\/types\/post"}],"author":[{"embeddable":true,"href":"https:\/\/diepflege.org\/index.php?rest_route=\/wp\/v2\/users\/4"}],"replies":[{"embeddable":true,"href":"https:\/\/diepflege.org\/index.php?rest_route=%2Fwp%2Fv2%2Fcomments&post=511"}],"version-history":[{"count":3,"href":"https:\/\/diepflege.org\/index.php?rest_route=\/wp\/v2\/posts\/511\/revisions"}],"predecessor-version":[{"id":514,"href":"https:\/\/diepflege.org\/index.php?rest_route=\/wp\/v2\/posts\/511\/revisions\/514"}],"wp:featuredmedia":[{"embeddable":true,"href":"https:\/\/diepflege.org\/index.php?rest_route=\/wp\/v2\/media\/515"}],"wp:attachment":[{"href":"https:\/\/diepflege.org\/index.php?rest_route=%2Fwp%2Fv2%2Fmedia&parent=511"}],"wp:term":[{"taxonomy":"category","embeddable":true,"href":"https:\/\/diepflege.org\/index.php?rest_route=%2Fwp%2Fv2%2Fcategories&post=511"},{"taxonomy":"post_tag","embeddable":true,"href":"https:\/\/diepflege.org\/index.php?rest_route=%2Fwp%2Fv2%2Ftags&post=511"}],"curies":[{"name":"wp","href":"https:\/\/api.w.org\/{rel}","templated":true}]}}