{"id":728,"date":"2022-08-26T22:22:59","date_gmt":"2022-08-26T20:22:59","guid":{"rendered":"https:\/\/diepflege.org\/?p=728"},"modified":"2022-08-26T22:31:19","modified_gmt":"2022-08-26T20:31:19","slug":"twitter-umfrage","status":"publish","type":"post","link":"https:\/\/diepflege.org\/?p=728","title":{"rendered":"Twitter Umfrage"},"content":{"rendered":"\n<p>Wir wollten von euch wissen,  ob ihr euch schon Gedanken \u00fcber eure Situation in Bezug auf Pflegebed\u00fcrftigkeit gemacht habt. <\/p>\n\n\n\n<p>Die Umfrage haben wir auf Twitter nicht immer wissenschaftlich sauber gemacht, immerhin hatten wir eine ordentliche Reichweite.<\/p>\n\n\n\n<figure class=\"wp-block-embed is-type-rich is-provider-twitter wp-block-embed-twitter\"><div class=\"wp-block-embed__wrapper\">\n<blockquote class=\"twitter-tweet\" data-width=\"550\" data-dnt=\"true\"><p lang=\"de\" dir=\"ltr\">Und, wer pflegt euch? <br><br>Wir sind wieder da &amp; haben uns direkt ein Thema ausgesucht, welches uns alle betreffen kann oder schon betrifft.<br><br>Mit dieser Umfrage wollen wir das Thema beginnen &#8211; mehr folgt<br><br>Gerne RT <a href=\"https:\/\/twitter.com\/hashtag\/WirF%C3%BCrDiePflege?src=hash&amp;ref_src=twsrc%5Etfw\">#WirF\u00fcrDiePflege<\/a> <br>1\/16 <a href=\"https:\/\/t.co\/RsZ4wUMJEn\">pic.twitter.com\/RsZ4wUMJEn<\/a><\/p>&mdash; PflegeDie (@PflegeDie) <a href=\"https:\/\/twitter.com\/PflegeDie\/status\/1559132658378178561?ref_src=twsrc%5Etfw\">August 15, 2022<\/a><\/blockquote><script async src=\"https:\/\/platform.twitter.com\/widgets.js\" charset=\"utf-8\"><\/script>\n<\/div><\/figure>\n\n\n\n<p>Es haben sich bei meisten Fragen \u00fcber 200 Menschen beteiligt. Vor der Gestaltung der Fragen haben wir die Pflegestudie gelesen: https:\/\/www.optadata-zukunfts-stiftung.de\/navigation\/forschung#c3615<\/p>\n\n\n\n<p>Die Fragen ergaben sich aus unseren beruflichen Erlebnissen und eben aus Ergebnissen der Befragung.<\/p>\n\n\n\n<p>Immerhin haben sich im Gegensatz zu Teilnehmenden der Pflegestudie die meisten unseren Lesenden schon Gedanken \u00fcber Pflege gemacht (was auch immer hier unter Pflege verstanden wird, das haben wir nicht spezifiziert)<\/p>\n\n\n\n<p>Die Umfrage enth\u00e4lt 14 Fragen und die Anzahl der Antwortenden variiert.<\/p>\n\n\n\n<p>Jene, die sich keine Gedanken gemacht hatten, antworteten auf die Frage warum, mit einem interessanten Ergebnis. Es ist keinesfalls sehr aussagekr\u00e4ftig, weil dies hier die Frage mit der geringsten Beteiligung war und auch mit dem h\u00f6chsten Anteil ohne Angabe. Ein ganz kleiner Anteil gab an keine Pflege selbst zu ben\u00f6tigen und etwa 15% m\u00f6chten keine Pflege \u00fcbernehmen. Hier w\u00e4re vielleicht eine Definition wichtig gewesen.<\/p>\n\n\n\n<figure class=\"wp-block-image size-full\"><img loading=\"lazy\" width=\"680\" height=\"409\" src=\"https:\/\/i0.wp.com\/diepflege.org\/wp-content\/uploads\/2022\/08\/image.png?resize=680%2C409&#038;ssl=1\" alt=\"\" class=\"wp-image-731\" srcset=\"https:\/\/i0.wp.com\/diepflege.org\/wp-content\/uploads\/2022\/08\/image.png?w=752&amp;ssl=1 752w, https:\/\/i0.wp.com\/diepflege.org\/wp-content\/uploads\/2022\/08\/image.png?resize=300%2C180&amp;ssl=1 300w\" sizes=\"(max-width: 680px) 100vw, 680px\" data-recalc-dims=\"1\" \/><figcaption><br>Blau= Ich brauche keine Pflege<\/figcaption><\/figure>\n\n\n\n<p>Orange= Ich m\u00f6chte keine Pflege \u00fcbernehmen<\/p>\n\n\n\n<p>Erwartungsgem\u00e4\u00df und auch \u00e4hnlich den Ergebnissen der Pflegestudie 2022 w\u00fcnschen sich \u00fcber die H\u00e4lfte der Befragten, die Angabe gemacht haben Pflege zuhause. \u00c4hnlicher Anteil w\u00e4re auch bereit f\u00fcr eigene oder Pflege der Angeh\u00f6rigen umzuziehen. Das haben wir leider nicht n\u00e4her spezifiziert, hier w\u00e4re sicherlich hinnehmbare Distanz und Richtung interessant (Land-Stadt etc)<\/p>\n\n\n\n<p>Auch wenn die Frage nach 24h-Betreuung erst im sp\u00e4teren Verlauf war, die Frage \u00fcber Verkleinern\/Teilen von Wohnraum hat diesen Hintergrund. Unsere Kolleg*innen aus der ambulanten Pflege k\u00f6nnen Lied davon singen. Nirgendwo sind die Kontraste besser einsehbar. Es gibt Wohnungen, in den man aufpassen muss sich nicht zu verlaufen und zu jeder Tageszeit nach Douglas riechen und es gibt Menschen, die in irgendwelchen Kellerr\u00e4umen leben und wo einzige Ablagefl\u00e4che f\u00fcr Verbandsmaterial eigene nicht-dominante Hand ist. Versorgung und Pflege in der Zukunft werden auch eine Frage von Wohnraum werden. Wenn Menschen nicht mehr Aktivit\u00e4ten des t\u00e4glichen Lebens nachgehen k\u00f6nnen, dann sind ebenfalls Ressourcen notwendig f\u00fcr Haushaltsf\u00fchrung und auch Instandhaltung der Bausubstanz und Installationen. Hier war die Fragestellung definitiv nicht ausreichend differenziert:<\/p>\n\n\n\n<p> <blockquote class=\"twitter-tweet\" data-width=\"550\" data-dnt=\"true\"><p lang=\"de\" dir=\"ltr\">5. W\u00fcrdet ihr euren Wohnraum verkleinern oder teilen, um eine gesicherte Versorgung zu erhalten? <br><br>6\/16<\/p>&mdash; PflegeDie (@PflegeDie) <a href=\"https:\/\/twitter.com\/PflegeDie\/status\/1559132684097654784?ref_src=twsrc%5Etfw\">August 15, 2022<\/a><\/blockquote><script async src=\"https:\/\/platform.twitter.com\/widgets.js\" charset=\"utf-8\"><\/script><\/p>\n\n\n\n<p>Es w\u00e4re interessant zu wissen, wie viele Menschen diese Option kategorisch ablehnen. Denn der Anteil der Menschen mit einer positiven Einstellung zu diesem Thema ist \u00fcberraschend hoch. Eventuell liegt es am Alter (n\u00e4chste Umfrage dann nicht \u00fcber Twitter), denn auch zum physiologischen Altern geh\u00f6rt Verlust der Neuroplastizit\u00e4t. Auf Deutsch wird das etwas verurteilend als &#8222;Altersstarrsinn&#8220; bezeichnet. Aber die F\u00e4higkeit gew\u00f6hnte R\u00e4ume und Abl\u00e4ufe zu verlassen verblasst. Ich vermute, dass Pflegeort &#8222;zuhause&#8220; mit zunehmendem Alter noch mehr an Bedeutung gewinnt.<\/p>\n\n\n\n<p>Wir haben nur etwa 13% der pflegenden Angeh\u00f6rigen erwischt, darum werte ich Antworten als &#8222;pflegenaiv&#8220;. Daf\u00fcr spricht auch, dass \u00fcber 60% eine 24h Betreuung \u00fcber informelle Wege ablehnen.<\/p>\n\n\n\n<p>Diese Ergebnisse waren \u00fcberraschend: <\/p>\n\n\n\n<figure class=\"wp-block-embed is-type-rich is-provider-twitter wp-block-embed-twitter\"><div class=\"wp-block-embed__wrapper\">\n<blockquote class=\"twitter-tweet\" data-width=\"550\" data-dnt=\"true\"><p lang=\"de\" dir=\"ltr\">8. Wie viel Geld pro Monat w\u00e4re f\u00fcr euch f\u00fcr gute Betreuung und Pflege hinnehmbar (ohne Kost &amp; Logies)? <br><br>9\/16<\/p>&mdash; PflegeDie (@PflegeDie) <a href=\"https:\/\/twitter.com\/PflegeDie\/status\/1559132701726220291?ref_src=twsrc%5Etfw\">August 15, 2022<\/a><\/blockquote><script async src=\"https:\/\/platform.twitter.com\/widgets.js\" charset=\"utf-8\"><\/script>\n<\/div><\/figure>\n\n\n\n<p><\/p>\n\n\n\n<p>Bin nicht sicher ob die Frage richtig verstanden wurde. Es liegt vielleicht daran, dass sich \u00fcber 50% als beruflich Pflegende deklariert haben und wissen um welche Summen sich die Kosten bewegen, es stellt sich weitere Frage ob tats\u00e4chlich alle die 2000Eur-Grenze gew\u00e4hlt haben auch Rentenentwicklung und Verm\u00f6gen dabei ber\u00fccksichtig haben. Weil, wie oben beschrieben, Versorgungsumfang h\u00e4ngt ma\u00dfgeblich von materiellen Ressourcen ab.<\/p>\n\n\n\n<figure class=\"wp-block-image size-large\"><img loading=\"lazy\" width=\"680\" height=\"510\" src=\"https:\/\/i0.wp.com\/diepflege.org\/wp-content\/uploads\/2022\/08\/IMG_0045.jpg?resize=680%2C510&#038;ssl=1\" alt=\"\" class=\"wp-image-739\" srcset=\"https:\/\/i0.wp.com\/diepflege.org\/wp-content\/uploads\/2022\/08\/IMG_0045-scaled.jpg?resize=1024%2C768&amp;ssl=1 1024w, https:\/\/i0.wp.com\/diepflege.org\/wp-content\/uploads\/2022\/08\/IMG_0045-scaled.jpg?resize=300%2C225&amp;ssl=1 300w, https:\/\/i0.wp.com\/diepflege.org\/wp-content\/uploads\/2022\/08\/IMG_0045-scaled.jpg?resize=768%2C576&amp;ssl=1 768w, https:\/\/i0.wp.com\/diepflege.org\/wp-content\/uploads\/2022\/08\/IMG_0045-scaled.jpg?resize=1536%2C1152&amp;ssl=1 1536w, https:\/\/i0.wp.com\/diepflege.org\/wp-content\/uploads\/2022\/08\/IMG_0045-scaled.jpg?resize=2048%2C1536&amp;ssl=1 2048w, https:\/\/i0.wp.com\/diepflege.org\/wp-content\/uploads\/2022\/08\/IMG_0045-scaled.jpg?w=1360&amp;ssl=1 1360w\" sizes=\"(max-width: 680px) 100vw, 680px\" data-recalc-dims=\"1\" \/><\/figure>\n\n\n\n<p>Das Bild ist eine ganz vereinfachte Darstellung des Gesundheitssystems. Die Geldscheine symbolisieren Anteile, die Nutzer*innen aus eigener Tasche bezahlen. Mit den Eigenanteilen waren die Befragten nicht von Realit\u00e4t entfernt. <\/p>\n\n\n\n<p>Statistisches Bundesamt gibt am 1. Juli 2021 monatliche Standardrente der gesetzlichen Rentenversicherung bei 1539 Euro\/Brutto. Hier w\u00e4ren m\u00f6glicherweis auch bei Pflegegrad 3\/4\/5 Leistungen der Sozialhilfe notwendig um Kosten zu decken (station\u00e4re Langzeitpflege). ( Quelle: https:\/\/de.statista.com\/statistik\/daten\/studie\/39060\/umfrage\/monatliche-standardrente-der-gesetzlichen-rentenversicherung-seit-1990\/)<\/p>\n\n\n\n<p>Das passt gut mit den Antworten auf die Frage ob Job aufgegeben wird um Pflege zu gew\u00e4hrleisten. Mehr als 50% w\u00fcrden es nicht machen. Hier ist auch Differenzierung sinnvoll und Befragung \u00fcber Stellenanteilreduktion. Und in der n\u00e4chsten Frage antwortet \u00fcberwiegende Mehrheit etwa 10h\/Woche f\u00fcr Pflege zu investieren.<\/p>\n\n\n\n<p>Bis 2017 wurde Stufe der Pflegebed\u00fcrftigkeit im SGB11 \u00fcber zeitlichen Aufwand definiert. Pflegebed\u00fcrftige mit einem grundpflegerischen Zeitbedarf von \u00fcber 240min\/d bekamen h\u00f6chste Pflegestufe. Das bedeutet einen w\u00f6chentlichen Aufwand von 28h. (Quelle: https:\/\/www.pflege.de\/pflegekasse-pflegerecht\/pflegestufen\/pflegestufe-3\/ )<\/p>\n\n\n\n<p>Auch die Frage nach Aufgabenverteilung gestaltet sich sehr interessant. Rund ein Drittel der Befragten w\u00e4re bereit Nachbarn und Freunde in die Pflege hinzuzuziehen, dann aber auch ein Drittel lehnt das ab und der Rest ist unentschlossen. Ist das regionale\/kulturelle Angelegenheit? Wenig \u00fcberraschend ist es dann, dass im Fall einer Pflegebed\u00fcrftigkeit bei eigenen Kindern h\u00e4ufigste Antwort &#8222;Eltern sollen Kind versorgen&#8220; war.<\/p>\n\n\n\n<p>Dagegen war eine gro\u00dfe \u00dcberraschung, dass mehr als die H\u00e4lfte angaben zu wissen, wie Pflegegrad, Hilfsmittel etc beantragt werden. Eventuell korreliert das auch mit der Anzahl an beruflich Pflegenden unter den Befragten.<\/p>\n\n\n\n<p>Auch unsere, absolut nicht repr\u00e4sentative Umfrage zeigt, dass breite gesellschaftliche Diskussionen notwendig sind.<\/p>\n","protected":false},"excerpt":{"rendered":"<p>Wir wollten von euch wissen, ob ihr euch schon Gedanken \u00fcber eure Situation in Bezug auf Pflegebed\u00fcrftigkeit gemacht habt. Die Umfrage haben wir auf Twitter nicht immer wissenschaftlich sauber gemacht, immerhin hatten wir eine ordentliche Reichweite. Es haben sich bei meisten Fragen \u00fcber 200 Menschen beteiligt. Vor der Gestaltung der Fragen haben wir die Pflegestudie gelesen: https:\/\/www.optadata-zukunfts-stiftung.de\/navigation\/forschung#c3615 Die Fragen ergaben sich aus unseren beruflichen Erlebnissen und eben aus Ergebnissen der Befragung. Immerhin haben sich im&#46;&#46;&#46;<\/p>\n","protected":false},"author":11,"featured_media":746,"comment_status":"open","ping_status":"open","sticky":false,"template":"","format":"standard","meta":[],"categories":[1],"tags":[19,6],"jetpack_featured_media_url":"https:\/\/i0.wp.com\/diepflege.org\/wp-content\/uploads\/2022\/08\/pixel-3699342_1280.png?fit=1280%2C787&ssl=1","_links":{"self":[{"href":"https:\/\/diepflege.org\/index.php?rest_route=\/wp\/v2\/posts\/728"}],"collection":[{"href":"https:\/\/diepflege.org\/index.php?rest_route=\/wp\/v2\/posts"}],"about":[{"href":"https:\/\/diepflege.org\/index.php?rest_route=\/wp\/v2\/types\/post"}],"author":[{"embeddable":true,"href":"https:\/\/diepflege.org\/index.php?rest_route=\/wp\/v2\/users\/11"}],"replies":[{"embeddable":true,"href":"https:\/\/diepflege.org\/index.php?rest_route=%2Fwp%2Fv2%2Fcomments&post=728"}],"version-history":[{"count":5,"href":"https:\/\/diepflege.org\/index.php?rest_route=\/wp\/v2\/posts\/728\/revisions"}],"predecessor-version":[{"id":747,"href":"https:\/\/diepflege.org\/index.php?rest_route=\/wp\/v2\/posts\/728\/revisions\/747"}],"wp:featuredmedia":[{"embeddable":true,"href":"https:\/\/diepflege.org\/index.php?rest_route=\/wp\/v2\/media\/746"}],"wp:attachment":[{"href":"https:\/\/diepflege.org\/index.php?rest_route=%2Fwp%2Fv2%2Fmedia&parent=728"}],"wp:term":[{"taxonomy":"category","embeddable":true,"href":"https:\/\/diepflege.org\/index.php?rest_route=%2Fwp%2Fv2%2Fcategories&post=728"},{"taxonomy":"post_tag","embeddable":true,"href":"https:\/\/diepflege.org\/index.php?rest_route=%2Fwp%2Fv2%2Ftags&post=728"}],"curies":[{"name":"wp","href":"https:\/\/api.w.org\/{rel}","templated":true}]}}