{"id":733,"date":"2022-08-27T22:32:53","date_gmt":"2022-08-27T20:32:53","guid":{"rendered":"https:\/\/diepflege.org\/?p=733"},"modified":"2022-08-27T22:32:53","modified_gmt":"2022-08-27T20:32:53","slug":"versorgung-demenziell-erkrankter-menschen-durch-angehoerige","status":"publish","type":"post","link":"https:\/\/diepflege.org\/?p=733","title":{"rendered":"Versorgung demenziell erkrankter Menschen durch Angeh\u00f6rige"},"content":{"rendered":"\n<h2>Einleitung und Definitionen<\/h2>\n\n\n\n<p><em>Demenzerkrankungen sind definiert durch den Abbau und Verlust kognitiver Funktionen und Alltagskompetenzen. Bei den zumeist progressiven Verl\u00e4ufen kommt es u.a. zu Beeintr\u00e4chtigungen der zeitlich\u00f6rtlichen Orientierung, der Kommunikationsf\u00e4higkeit, der autobiographischen Identit\u00e4t und von<br>Pers\u00f6nlichkeitsmerkmalen. H\u00e4ufig ist das schwere Stadium der Demenz durch vollst\u00e4ndige Hilflosigkeit<br>und Abh\u00e4ngigkeit von der Umwelt charakterisiert. <\/em><\/p>\n\n\n\n<p><sub>S3-Leitlinie &#8222;Demenzen&#8220;: Langversion (Januar 2016)<\/sub><\/p>\n\n\n\n<p>Demenzerkrankungen gibt es in vielf\u00e4ltigen Ursachen, der \u00dcberbegriff &#8222;Demenz&#8220; ist in der ICD-10-Definition als Syndromkomplex mit Ver\u00e4nderung der &#8222;emotionalen Kontrolle, des Sozialverhaltens oder der Motivation der kognitiven Beeintr\u00e4chtigung&#8220; als Folge chronischer oder fortschreitender Erkankung des Gehirns.<\/p>\n\n\n\n<p>Die ersten, oft noch bewu\u00dft erlebten Phasen sind f\u00fcr die Betroffenen extrem belastend. Bisher bestehende Eigenst\u00e4digkeit und Alltagsf\u00e4higkeit sind im Verlauf immer mehr eingeschr\u00e4nkt und m\u00fcssen von den Angeh\u00f6rigen \u00fcbernommen werden. Die hohe emotionale Belastung durch die Ver\u00e4nderung des Erkrankten und die psychische Belastung durch \u00dcbernahme der Alltagst\u00e4tigkeiten, unterst\u00fctzende \u00dcbernahme der Selbstpflege und teilweise Aufgabe des bisherigen Lebens f\u00fchrt bei den Angeh\u00f6rigen zu einem erh\u00f6hten Risiko f\u00fcr psychische und k\u00f6rperliche Erkrankungen. <\/p>\n\n\n\n<p>Die Vielzahl an &#8222;Pflegediagnosen&#8220; (Abb.1) und die Recourcenknappheit bzgl. professioneller Pflege als Unterst\u00fctzung lassen die Angeh\u00f6rigen oft alleine in der Versorgung zur\u00fcck. Die medikament\u00f6se Therapie ist unterst\u00fctzend, aber nicht kurativ. Somit bleibt als M\u00f6glichkeit nur das Annehmen und M\u00f6glichkeiten der Aufrechterhaltung und Unterst\u00fctzung noch bestehender F\u00e4higkeiten, die sich im Laufe der Erkrankung jedoch suxzesive verschlechtern. <\/p>\n\n\n\n<figure class=\"wp-block-image size-full\"><img loading=\"lazy\" width=\"608\" height=\"686\" src=\"https:\/\/i0.wp.com\/diepflege.org\/wp-content\/uploads\/2022\/08\/pflegediagnosen.jpg?resize=608%2C686&#038;ssl=1\" alt=\"\" class=\"wp-image-748\" srcset=\"https:\/\/i0.wp.com\/diepflege.org\/wp-content\/uploads\/2022\/08\/pflegediagnosen.jpg?w=608&amp;ssl=1 608w, https:\/\/i0.wp.com\/diepflege.org\/wp-content\/uploads\/2022\/08\/pflegediagnosen.jpg?resize=266%2C300&amp;ssl=1 266w\" sizes=\"(max-width: 608px) 100vw, 608px\" data-recalc-dims=\"1\" \/><figcaption><sub>Abb.1Pflegediagnosen aus &#8222;Altenpflege heute(2014) Elservier Verlag M\u00fcnchen&#8220;<\/sub><\/figcaption><\/figure>\n\n\n\n<h2>Was brauchen die betroffenen Menschen?<\/h2>\n\n\n\n<p>Die priorit\u00e4re Pflegediagnose ist unabh\u00e4ngig der Demenzform eine &#8222;chronische Verwirrtheit&#8220;, die zu vielen der oben genannten Symptome und Schwierigkeiten f\u00fchrt. Durch ein f\u00f6rderndes Milieu kann ein relatives Wohnbefinden erhalten werden, dennoch bleibt die Versorgung und Begleitung demenziell ver\u00e4nderter Menschen f\u00fcr alle Beteiligten eine Herrausforderung. Die Komplexit\u00e4t der Versorgung kann hier nur bruchst\u00fcckhaft darstellt werden und zeigt die Notwendigkeit einer etablierten Fachweiterbildung zur &#8222;Gerontophychiatrischen Fachpflege&#8220;, die leider (wie so oft in der Pflege) nicht bundeseinheitlich und mitunter als Selbstzahler (und Organisator) von unterschiedlichsten Anbietern. Wir stellen zwei Konzepte im Umgang und Versorgung demenziell erkrankter Menschen vor.<\/p>\n\n\n\n<p>Um den betroffnenen Menschen weiterhin eine Beziehung und einen respektvollen Umgang mit ihnen als Person m\u00f6glich zu machen, kann der <strong>personenzentrierte Ansatz nach Tom Kitwood<\/strong> als Schaffung einer positiven Grundhaltung dienen. Kitwood m\u00f6chte den Fokus weg von der Erkrankung hin zum Menschen schaffen, damit nicht Symptome sondern die Pers\u00f6hnlichkeit im Vordergrund steht, wodurch ein wertsch\u00e4tzender und einf\u00fchsamer Kontakt entstehen und aufrecht gehalten werden kann. (Welling,2004). Kitwood hat in seinen Analysen gezeigt, das Menschen mit Demenz oft entpersonalisierendes Verhalten entgegengebracht wurde. <\/p>\n\n\n\n<p>Einige Beispiele f\u00fcr entpersonalisiertes Verhalten nach Kitwood sind <\/p>\n\n\n\n<ul><li>Betr\u00fcgen (T\u00e4uschung u\u00e4. durch Manipulation zur Kooperation)<\/li><li>Zwingen ( Trotz ge\u00e4u\u00dferter Ablehnung durch Druck oder Gewalt, um ein gew\u00fcnschtes Verhalten erreichen)<\/li><li>Infantilisieren (Betroffenen &#8222;wie ein Kind&#8220; behandeln, ansprechen usw.)<\/li><li>Entwerten (Gef\u00fchle der Betroffenen nicht ernst nehmen, negieren)<sub>(Altenpflege heute , 2014)<\/sub><\/li><\/ul>\n\n\n\n<p>Stattdessen ben\u00f6tigen Menschen einen Person-zentrierte Begleitung und Pflege, die sich nach den f\u00fcnf Grundbed\u00fcrfnissen richtet (Abb. 2). Die Grundbed\u00fcrfnisse richten sich nach dem Erleben der Patienten (Verlust von geliebten Menschen &amp; Erinnerungen, mangelnde Vertrautheit durch Erinnerungsl\u00fccken, Teil einer Gruppe sein, eigene F\u00e4higkeiten und Selbstwert erhalten und Selbstgewissheit) und sollten in positiver Interaktion unterst\u00fctzt werden. <\/p>\n\n\n\n<figure class=\"wp-container-2 wp-block-gallery-1 wp-block-gallery has-nested-images columns-default is-cropped\">\n<figure class=\"wp-block-image size-large\"><img loading=\"lazy\" width=\"668\" height=\"480\" data-id=\"749\"  src=\"https:\/\/i0.wp.com\/diepflege.org\/wp-content\/uploads\/2022\/08\/grafik.png?resize=668%2C480&#038;ssl=1\" alt=\"\" class=\"wp-image-749\" srcset=\"https:\/\/i0.wp.com\/diepflege.org\/wp-content\/uploads\/2022\/08\/grafik.png?w=668&amp;ssl=1 668w, https:\/\/i0.wp.com\/diepflege.org\/wp-content\/uploads\/2022\/08\/grafik.png?resize=300%2C216&amp;ssl=1 300w\" sizes=\"(max-width: 668px) 100vw, 668px\" data-recalc-dims=\"1\" \/><figcaption>F\u00fcnf Grundbed\u00fcrfnisse nach Kitwood<\/figcaption><\/figure>\n\n\n\n<figure class=\"wp-block-image size-large\"><img loading=\"lazy\" width=\"680\" height=\"618\" data-id=\"750\"  src=\"https:\/\/i0.wp.com\/diepflege.org\/wp-content\/uploads\/2022\/08\/2-0.jpg?resize=680%2C618&#038;ssl=1\" alt=\"\" class=\"wp-image-750\" srcset=\"https:\/\/i0.wp.com\/diepflege.org\/wp-content\/uploads\/2022\/08\/2-0.jpg?w=838&amp;ssl=1 838w, https:\/\/i0.wp.com\/diepflege.org\/wp-content\/uploads\/2022\/08\/2-0.jpg?resize=300%2C272&amp;ssl=1 300w, https:\/\/i0.wp.com\/diepflege.org\/wp-content\/uploads\/2022\/08\/2-0.jpg?resize=768%2C697&amp;ssl=1 768w\" sizes=\"(max-width: 680px) 100vw, 680px\" data-recalc-dims=\"1\" \/><figcaption><br><br>Positive Interaktionen nach Kitwood (aus Verfahrensregelung<br>\u201eBeziehungsgestaltung in der Pflege bei<br>Menschen mit Demenz\u201c2018)<\/figcaption><\/figure>\n<\/figure>\n\n\n\n<p>Weiterhin bring das <strong>Konzept der Validation<\/strong> eine wichtige Grundhaltung im Umgang mit demenziell erkrankten Menschen mit sich. Die Ma\u00dfnahmen dienen (der Wiederstellung) des Selbstbewu\u00dftsein, der Stress- und Medikamentenreduktion sowie eine Vermeidung in R\u00fcckzug und Vegitierens. Durch die Verkn\u00fcpfung mit der Therorie der Lebensaufgaben nach Erikson sollen die Menschen in ihrer Lebenswelt und ihren damit verbundenen &#8222;Lebensaufgaben&#8220; abbeholt und unterst\u00fctzt bzw. begleitet werden. <\/p>\n\n\n\n<figure class=\"wp-block-embed is-type-video is-provider-youtube wp-block-embed-youtube wp-embed-aspect-16-9 wp-has-aspect-ratio\"><div class=\"wp-block-embed__wrapper\">\n<iframe loading=\"lazy\" title=\"Demenz \/\/ Validation Folge 03 \/\/ Altenpflege\" width=\"680\" height=\"383\" src=\"https:\/\/www.youtube.com\/embed\/iRrWJFBsJ-Y?feature=oembed\" frameborder=\"0\" allow=\"accelerometer; autoplay; clipboard-write; encrypted-media; gyroscope; picture-in-picture\" allowfullscreen><\/iframe>\n<\/div><\/figure>\n\n\n\n<h2>Was brauchen die Angeh\u00f6rigen?<\/h2>\n\n\n\n<figure class=\"wp-block-image size-full\"><img loading=\"lazy\" width=\"680\" height=\"180\" src=\"https:\/\/i0.wp.com\/diepflege.org\/wp-content\/uploads\/2022\/08\/alltag-pflegende-angehoerige-1.jpg?resize=680%2C180&#038;ssl=1\" alt=\"\" class=\"wp-image-754\" srcset=\"https:\/\/i0.wp.com\/diepflege.org\/wp-content\/uploads\/2022\/08\/alltag-pflegende-angehoerige-1.jpg?w=935&amp;ssl=1 935w, https:\/\/i0.wp.com\/diepflege.org\/wp-content\/uploads\/2022\/08\/alltag-pflegende-angehoerige-1.jpg?resize=300%2C80&amp;ssl=1 300w, https:\/\/i0.wp.com\/diepflege.org\/wp-content\/uploads\/2022\/08\/alltag-pflegende-angehoerige-1.jpg?resize=768%2C204&amp;ssl=1 768w\" sizes=\"(max-width: 680px) 100vw, 680px\" data-recalc-dims=\"1\" \/><\/figure>\n\n\n\n<p>In der Untertst\u00fctzung der Angeh\u00f6rigen sind zwei Grundpfeiler extrem wichtig <\/p>\n\n\n\n<ol><li>Professionelle Unterst\u00fctzung               &amp;                         2. Entlastung<\/li><\/ol>\n\n\n\n<p>Die Deutsche Altsheimer Gesellschaft Selbstehilfe Demenz hat unter Entlastung der Angeh\u00f6rigen als ersten Punkt die &#8222;Hilfe durch Information und Beratung&#8220; auf<br>genommen &#8211; eine Kernaufgabe professioneller Pflege, die in Deutschland leider nicht ad\u00e4uqat genutzt wird. Auch Betreuungsgruppen f\u00fcr Menschen mit Demenz bzw. Tagespflege sind wichtige Bausteine f\u00fcr pflegende Angeh\u00f6rig, um im Punkt &#8222;Entlastung&#8220; unterst\u00fctzt zu werden. Der Austausch mit anderen pflegenden Angeh\u00f6rigen, die Kurzzeitpflege \/ betreuuter Urlaub, eine gute medizinische Behandlung, die M\u00f6glichkeit Pflege und Beruf miteinander zu verbinden oder auch der begleitete Umzug in ein Pflegeheim werden als weitere wichtige Punkte aufgez\u00e4hlt. <\/p>\n\n\n<a class=\"wp-block-read-more\" href=\"https:\/\/diepflege.org\/?p=733\" target=\"_self\">https:\/\/www.deutsche-alzheimer.de\/publikationen\/informationsblaetter<\/a>\n\n\n<p>Bei der Organsiation der h\u00e4uslichen Versorgung wird professionelle Pflege leider auch nur im Teil der pflegerischen (Grund-)Versorgung eingebunden und k\u00f6nnte auch in allen anderen Punkten einen wichtigen Teil der Unterst\u00fctzung und Versorgung beitragen. <\/p>\n\n\n\n<figure class=\"wp-block-image size-full\"><img loading=\"lazy\" width=\"579\" height=\"600\" src=\"https:\/\/i0.wp.com\/diepflege.org\/wp-content\/uploads\/2022\/08\/csm_schaubild_ambulant_versorgung_da2e9d4d50.png?resize=579%2C600&#038;ssl=1\" alt=\"\" class=\"wp-image-737\" srcset=\"https:\/\/i0.wp.com\/diepflege.org\/wp-content\/uploads\/2022\/08\/csm_schaubild_ambulant_versorgung_da2e9d4d50.png?w=579&amp;ssl=1 579w, https:\/\/i0.wp.com\/diepflege.org\/wp-content\/uploads\/2022\/08\/csm_schaubild_ambulant_versorgung_da2e9d4d50.png?resize=290%2C300&amp;ssl=1 290w\" sizes=\"(max-width: 579px) 100vw, 579px\" data-recalc-dims=\"1\" \/><\/figure>\n\n\n\n<p><a href=\"https:\/\/www.deutsche-alzheimer.de\/\">https:\/\/www.deutsche-alzheimer.de\/<\/a><\/p>\n\n\n\n<p>Es bleibt also weiterhin so, dass Angeh\u00f6rige oft allein und wenig professionell begleitet alleine mit ihren teils schwer erkrankten Angeh\u00f6rigen gelassen werden und die Pflege als wichtige Unterst\u00fctzungseinheit au\u00dfen vor gelassen wird und somit unter ihren M\u00f6glichkeiten bleibt. Im Rahmen des Artikels &#8222;L\u00f6sungsvorschl\u00e4ge&#8220; werden wir vertieft auf unsere Ideen und Vorschl\u00e4ge zur Unterst\u00fctzung pflegender Angeh\u00f6riger eingehen.  <\/p>\n\n\n\n<h1>Literaturverzeichnis<\/h1>\n\n\n\n<p class=\"has-small-font-size\"><em>Altenpflege heute .<\/em> (2014). M\u00fcnchen: Elservier Verlag.<\/p>\n\n\n\n<p class=\"has-small-font-size\">Welling , K. (2004). Der Personen-zentrierte Ansatz. <em>Unterricht Pflege Jg. 9 Heft 5<\/em>, S. 1-8.<\/p>\n\n\n\n<p class=\"has-small-font-size\"><a href=\"https:\/\/www.deutsche-alzheimer.de\/publikationen\/informationsblaetter\">https:\/\/www.deutsche-alzheimer.de\/publikationen\/informationsblaetter<\/a><\/p>\n\n\n\n<p class=\"has-small-font-size\">\u201eBeziehungsgestaltung in der Pflege bei Menschen mit Demenz\u201c2018<\/p>\n\n\n\n<p class=\"has-small-font-size\"><sub>S3-Leitlinie &#8222;Demenzen&#8220;: Langversion (Januar 2016)<\/sub><\/p>\n\n\n\n<p class=\"has-small-font-size\"><\/p>\n","protected":false},"excerpt":{"rendered":"<p>Einleitung und Definitionen Demenzerkrankungen sind definiert durch den Abbau und Verlust kognitiver Funktionen und Alltagskompetenzen. Bei den zumeist progressiven Verl\u00e4ufen kommt es u.a. zu Beeintr\u00e4chtigungen der zeitlich\u00f6rtlichen Orientierung, der Kommunikationsf\u00e4higkeit, der autobiographischen Identit\u00e4t und vonPers\u00f6nlichkeitsmerkmalen. H\u00e4ufig ist das schwere Stadium der Demenz durch vollst\u00e4ndige Hilflosigkeitund Abh\u00e4ngigkeit von der Umwelt charakterisiert. S3-Leitlinie &#8222;Demenzen&#8220;: Langversion (Januar 2016) Demenzerkrankungen gibt es in vielf\u00e4ltigen Ursachen, der \u00dcberbegriff &#8222;Demenz&#8220; ist in der ICD-10-Definition als Syndromkomplex mit Ver\u00e4nderung der &#8222;emotionalen Kontrolle,&#46;&#46;&#46;<\/p>\n","protected":false},"author":6,"featured_media":735,"comment_status":"open","ping_status":"open","sticky":false,"template":"","format":"standard","meta":[],"categories":[1],"tags":[19,6],"jetpack_featured_media_url":"https:\/\/i0.wp.com\/diepflege.org\/wp-content\/uploads\/2022\/08\/nurse-2683782_1920.png?fit=1920%2C1920&ssl=1","_links":{"self":[{"href":"https:\/\/diepflege.org\/index.php?rest_route=\/wp\/v2\/posts\/733"}],"collection":[{"href":"https:\/\/diepflege.org\/index.php?rest_route=\/wp\/v2\/posts"}],"about":[{"href":"https:\/\/diepflege.org\/index.php?rest_route=\/wp\/v2\/types\/post"}],"author":[{"embeddable":true,"href":"https:\/\/diepflege.org\/index.php?rest_route=\/wp\/v2\/users\/6"}],"replies":[{"embeddable":true,"href":"https:\/\/diepflege.org\/index.php?rest_route=%2Fwp%2Fv2%2Fcomments&post=733"}],"version-history":[{"count":13,"href":"https:\/\/diepflege.org\/index.php?rest_route=\/wp\/v2\/posts\/733\/revisions"}],"predecessor-version":[{"id":762,"href":"https:\/\/diepflege.org\/index.php?rest_route=\/wp\/v2\/posts\/733\/revisions\/762"}],"wp:featuredmedia":[{"embeddable":true,"href":"https:\/\/diepflege.org\/index.php?rest_route=\/wp\/v2\/media\/735"}],"wp:attachment":[{"href":"https:\/\/diepflege.org\/index.php?rest_route=%2Fwp%2Fv2%2Fmedia&parent=733"}],"wp:term":[{"taxonomy":"category","embeddable":true,"href":"https:\/\/diepflege.org\/index.php?rest_route=%2Fwp%2Fv2%2Fcategories&post=733"},{"taxonomy":"post_tag","embeddable":true,"href":"https:\/\/diepflege.org\/index.php?rest_route=%2Fwp%2Fv2%2Ftags&post=733"}],"curies":[{"name":"wp","href":"https:\/\/api.w.org\/{rel}","templated":true}]}}